[{"@context":"https:\/\/schema.org\/","@type":"Article","@id":"https:\/\/www.eccr.cz\/povinna-vybava-vozu-v-roce-2020\/#Article","mainEntityOfPage":"https:\/\/www.eccr.cz\/povinna-vybava-vozu-v-roce-2020\/","headline":"Povinn\u00e1 v\u00fdbava vozu v roce 2020","name":"Povinn\u00e1 v\u00fdbava vozu v roce 2020","description":"Pokud je to u\u017e n\u011bjak\u00fd p\u00e1tek, co jste venku z auto\u0161koly, pak mo\u017en\u00e1 t\u00e1pete v tom, co je vlastn\u011b sou\u010d\u00e1st\u00ed povinn\u00e9 v\u00fdbavy vozidla v \u010cesk\u00e9 republice. Mo\u017en\u00e1 proto zbyte\u010dn\u011b voz\u00edte v\u011bci, kter\u00e9 stejn\u011b nevyu\u017eijete a zbyte\u010dn\u011b v\u00e1m zab\u00edraj\u00ed m\u00edsto v kufru. Mo\u017en\u00e1 v\u00e1s p\u0159ekvap\u00ed, \u017ee povinnou v\u00fdbavou vozu ji\u017e nejsou n\u00e1hradn\u00ed \u017e\u00e1rovky a pojistky, a ... <a title=\"Povinn\u00e1 v\u00fdbava vozu v roce 2020\" class=\"read-more\" href=\"https:\/\/www.eccr.cz\/povinna-vybava-vozu-v-roce-2020\/\">Read more<span class=\"screen-reader-text\">Povinn\u00e1 v\u00fdbava vozu v roce 2020<\/span><\/a>","datePublished":"2020-01-03","dateModified":"2023-05-07","author":{"@type":"Person","@id":"https:\/\/www.eccr.cz\/author\/#Person","name":"","url":"https:\/\/www.eccr.cz\/author\/","identifier":1,"image":{"@type":"ImageObject","@id":"https:\/\/secure.gravatar.com\/avatar\/d693d76da4b3c2905ed32515295d3c5b2b37600a891f276917d3d592948bcc60?s=96&d=mm&r=g","url":"https:\/\/secure.gravatar.com\/avatar\/d693d76da4b3c2905ed32515295d3c5b2b37600a891f276917d3d592948bcc60?s=96&d=mm&r=g","height":96,"width":96}},"publisher":{"@type":"Organization","name":"eccr.cz","logo":{"@type":"ImageObject","@id":"\/logo.png","url":"\/logo.png","width":600,"height":60}},"image":{"@type":"ImageObject","@id":"https:\/\/www.eccr.cz\/wp-content\/uploads\/img_a369590_w4401_t1581762635.jpg","url":"https:\/\/www.eccr.cz\/wp-content\/uploads\/img_a369590_w4401_t1581762635.jpg","height":0,"width":0},"url":"https:\/\/www.eccr.cz\/povinna-vybava-vozu-v-roce-2020\/","about":["Auto moto"],"wordCount":487,"articleBody":"Pokud je to u\u017e n\u011bjak\u00fd p\u00e1tek, co jste venku z auto\u0161koly, pak mo\u017en\u00e1 t\u00e1pete v tom, co je vlastn\u011b sou\u010d\u00e1st\u00ed povinn\u00e9 v\u00fdbavy vozidla v \u010cesk\u00e9 republice. Mo\u017en\u00e1 proto zbyte\u010dn\u011b voz\u00edte v\u011bci, kter\u00e9 stejn\u011b nevyu\u017eijete a zbyte\u010dn\u011b v\u00e1m zab\u00edraj\u00ed m\u00edsto v kufru.\tMo\u017en\u00e1 v\u00e1s p\u0159ekvap\u00ed, \u017ee povinnou v\u00fdbavou vozu ji\u017e nejsou n\u00e1hradn\u00ed \u017e\u00e1rovky a pojistky, a to dokonce od roku 2018. V tuto chv\u00edli tak tvo\u0159\u00ed povinnou v\u00fdbavu vozu pouze \u010dty\u0159i v\u011bci.\tAutol\u00e9k\u00e1rni\u010dka\tKter\u00e1 je naprostou nutnost\u00ed. A co m\u00e1 b\u00fdt obsahem takov\u00e9 autol\u00e9k\u00e1rni\u010dky?\t\u00b7\u00a0\u00a0\u00a0\u00a0\u00a0\u00a0\u00a0\u00a0 N\u00e1plast hladk\u00e1 c\u00edvka\t\u00b7\u00a0\u00a0\u00a0\u00a0\u00a0\u00a0\u00a0\u00a0 Obvaz hotov\u00fd s 1 pol\u0161t\u00e1\u0159kem\t\u00b7\u00a0\u00a0\u00a0\u00a0\u00a0\u00a0\u00a0\u00a0 Obvaz hotov\u00fd se 2 pol\u0161t\u00e1\u0159ky\t\u00b7\u00a0\u00a0\u00a0\u00a0\u00a0\u00a0\u00a0\u00a0 Rukavice pry\u017eov\u00e9\t\u00b7\u00a0\u00a0\u00a0\u00a0\u00a0\u00a0\u00a0\u00a0 \u0160krt\u00edc\u00ed pry\u017eov\u00e9 obinadlo\t\u00b7\u00a0\u00a0\u00a0\u00a0\u00a0\u00a0\u00a0\u00a0 Isotermick\u00e1 f\u00f3lie\t\u00b7\u00a0\u00a0\u00a0\u00a0\u00a0\u00a0\u00a0\u00a0 N\u016f\u017eky\tNovinkou je tak\u00e9 to, \u017ee m\u00e1te-li obsah autol\u00e9k\u00e1rni\u010dky neporu\u0161en\u00fd, nen\u00ed ji\u017e pot\u0159eba ji po datu expirace m\u011bnit, jak tomu bylo v minulosti.\tReflexn\u00ed vesta\tReflexn\u00ed vestu mus\u00edte v aut\u011b m\u00edt, jeliko\u017e pokud opou\u0161t\u00edte vozidlo mimo obec, nebo muselo-li vozidlo nouzov\u011b zastavit, m\u016f\u017eete vystoupit pouze s\u00a0oble\u010denou vestou. Reflexn\u00ed vesta v\u00e1m m\u016f\u017ee v mnoha p\u0159\u00edpadech zachr\u00e1nit \u017eivot. V \u010cesk\u00e9 republice sta\u010d\u00ed pouze jeden kus, a to pro \u0159idi\u010de. V zahrani\u010d\u00ed je v\u0161ak b\u011b\u017en\u00e1 povinnost vozit v automobilu vestu pro ka\u017ed\u00e9ho cestuj\u00edc\u00edho. Pokud dojde k poru\u0161e, nebo nehod\u011b vozidla, vystupuj\u00ed z auta v\u0161ichni cestuj\u00edc\u00ed a ti, kte\u0159\u00ed nemaj\u00ed vestu, jsou potom pro ostatn\u00ed \u0159idi\u010de \u0161patn\u011b viditeln\u00ed. Vesta se doporu\u010duje ulo\u017eit v aut\u011b tak, aby byla v p\u0159\u00edpad\u011b pot\u0159eby na dosah.\t\u00a0\tV\u00fdstra\u017en\u00fd troj\u00faheln\u00edk\tTradi\u010dn\u00ed a velice pot\u0159ebn\u00e1 sou\u010d\u00e1st povinn\u00e9 v\u00fdbavy. V p\u0159\u00edpad\u011b nehody, nebo poruchy, po oble\u010den\u00ed v\u00fdstra\u017en\u00e9 vesty opus\u0165te vozidlo a jd\u011bte um\u00edstit v\u00fdstra\u017en\u00fd troj\u00faheln\u00edk, podle p\u0159edepsan\u00fdch pokyn\u016f, tedy na okraj vozovky, tak, aby byl dob\u0159e viditeln\u00fd. Na silnici je to pak minim\u00e1ln\u011b 50 metr\u016f za vozidlem a na d\u00e1lnici 100 metr\u016f za vozidlem.\t\u00a0\tN\u00e1hradn\u00ed kolo, pop\u0159. prost\u0159edky na opravu a v\u00fdm\u011bnu kola\tJak vypl\u00fdv\u00e1 z v\u00fd\u0161e uveden\u00e9ho, povinnost vozit v automobile rezervu ji\u017e pominula.\tRezervu a n\u00e1\u0159ad\u00ed pot\u0159ebn\u00e9 k v\u00fdm\u011bn\u011b kola tak nen\u00ed pot\u0159eba vozit za p\u0159edpokladu, \u017ee je v\u00e1\u0161 v\u016fz vybaven sadou pro bez mont\u00e1\u017en\u00ed opravu defektu a tak\u00e9 kompresorem pro nafouknut\u00ed kola.\tD\u00e1le pak v p\u0159\u00edpad\u011b, \u017ee m\u00e1te pneumatiky, kter\u00e9 dovoluj\u00ed nouzov\u00fd dojezd p\u0159i defektu.\tPosledn\u00edm p\u0159\u00edpadem je pak fakt, \u017ee m\u00e1te sjednan\u00e9 poji\u0161t\u011bn\u00ed asisten\u010dn\u00edch slu\u017eeb p\u0159i v\u00fdm\u011bn\u011b pneumatiky, kter\u00e9 mus\u00ed platit po cel\u00e9 \u010cesk\u00e9 republice.                                                                                                                                                                                                                                                                                                                                                                                        4.5\/5 - (14 votes)        "},{"@context":"https:\/\/schema.org\/","@type":"BreadcrumbList","itemListElement":[{"@type":"ListItem","position":1,"name":"Povinn\u00e1 v\u00fdbava vozu v roce 2020","item":"https:\/\/www.eccr.cz\/povinna-vybava-vozu-v-roce-2020\/#breadcrumbitem"}]}]