[{"@context":"https:\/\/schema.org\/","@type":"Article","@id":"https:\/\/www.eccr.cz\/kolo-pro-zivot\/#Article","mainEntityOfPage":"https:\/\/www.eccr.cz\/kolo-pro-zivot\/","headline":"KOLO pro \u017eivot","name":"KOLO pro \u017eivot","description":"Kolo pro \u017eivot, nejv\u011bt\u0161\u00ed seri\u00e1l z\u00e1vod\u016f na horsk\u00fdch kolech v \u010cesk\u00e9 republice, letos odstartuje poosmn\u00e1ct\u00e9. Plnoletost oslav\u00ed spolu s t\u011bmi, kte\u0159\u00ed maj\u00ed r\u00e1di cyklistiku, ve velk\u00e9m stylu. B\u011bhem patn\u00e1cti akc\u00ed je p\u0159ipraveno \u0161estn\u00e1ct sportovn\u00edch dn\u00ed, kter\u00e9 jsou zasazeny do nejkr\u00e1sn\u011bj\u0161\u00edch p\u0159\u00edrodn\u00edch kout\u016f na\u0161\u00ed vlasti. Loni se do z\u00e1vod\u016f a nez\u00e1vodn\u00edch vyj\u00ed\u017ed\u011bk celkem zapojilo v\u00edce n\u011b\u017e ... <a title=\"KOLO pro \u017eivot\" class=\"read-more\" href=\"https:\/\/www.eccr.cz\/kolo-pro-zivot\/\">Read more<span class=\"screen-reader-text\">KOLO pro \u017eivot<\/span><\/a>","datePublished":"2023-05-07","dateModified":"2023-05-07","author":{"@type":"Person","@id":"https:\/\/www.eccr.cz\/author\/#Person","name":"","url":"https:\/\/www.eccr.cz\/author\/","identifier":1,"image":{"@type":"ImageObject","@id":"https:\/\/secure.gravatar.com\/avatar\/d693d76da4b3c2905ed32515295d3c5b2b37600a891f276917d3d592948bcc60?s=96&d=mm&r=g","url":"https:\/\/secure.gravatar.com\/avatar\/d693d76da4b3c2905ed32515295d3c5b2b37600a891f276917d3d592948bcc60?s=96&d=mm&r=g","height":96,"width":96}},"publisher":{"@type":"Organization","name":"eccr.cz","logo":{"@type":"ImageObject","@id":"\/logo.png","url":"\/logo.png","width":600,"height":60}},"image":{"@type":"ImageObject","@id":"https:\/\/www.eccr.cz\/wp-content\/uploads\/img_a286995_w1909_t1497339538.jpg","url":"https:\/\/www.eccr.cz\/wp-content\/uploads\/img_a286995_w1909_t1497339538.jpg","height":0,"width":0},"url":"https:\/\/www.eccr.cz\/kolo-pro-zivot\/","wordCount":445,"articleBody":"Kolo pro \u017eivot, nejv\u011bt\u0161\u00ed seri\u00e1l z\u00e1vod\u016f na horsk\u00fdch kolech v \u010cesk\u00e9 republice, letos odstartuje poosmn\u00e1ct\u00e9. Plnoletost oslav\u00ed spolu s t\u011bmi, kte\u0159\u00ed maj\u00ed r\u00e1di cyklistiku, ve velk\u00e9m stylu. B\u011bhem patn\u00e1cti akc\u00ed je p\u0159ipraveno \u0161estn\u00e1ct sportovn\u00edch dn\u00ed, kter\u00e9 jsou zasazeny do nejkr\u00e1sn\u011bj\u0161\u00edch p\u0159\u00edrodn\u00edch kout\u016f na\u0161\u00ed vlasti. Loni se do z\u00e1vod\u016f a nez\u00e1vodn\u00edch vyj\u00ed\u017ed\u011bk celkem zapojilo v\u00edce n\u011b\u017e 27 000 cyklist\u016f, z toho t\u00e9m\u011b\u0159 8 000 d\u011bt\u00ed.\u00a0Jedine\u010dnost tohoto projektu spo\u010d\u00edv\u00e1 nejen v mno\u017estv\u00ed cyklist\u016f, kte\u0159\u00ed se ho ka\u017edoro\u010dn\u011b z\u00fa\u010dastn\u00ed, ale p\u0159edev\u0161\u00edm v mo\u017enosti z\u00e1vodit, nebo se jen tak projet vybran\u00fdmi trasami n\u00e1dhernou \u010deskou p\u0159\u00edrodou s celou rodinou. Pr\u00e1v\u011b mo\u017enost v\u00fdb\u011bru d\u00e9lky a n\u00e1ro\u010dnosti trasy a tak\u00e9 jedine\u010dn\u00e9 slu\u017eby a doprovodn\u00fd program pro v\u0161echny \u00fa\u010dastn\u00edky jsou to, co d\u011bl\u00e1 tento seri\u00e1l\u00a0 skv\u011bl\u00fdm z\u00e1\u017eitkem pro v\u0161echny. Skv\u011bl\u00fd sportovn\u00ed den si na jednom m\u00edst\u011b u\u017eij\u00ed v\u0161ichni bez rozd\u00edlu v\u011bku.\u00a0V\u00fdb\u011br a zna\u010den\u00ed tras, vybaven\u00ed z\u00e1zem\u00ed, technick\u00e9 i zdravotn\u00ed zabezpe\u010den\u00ed, slu\u017eby pro \u00fa\u010dastn\u00edky a doprovodn\u00fd program pro d\u011bti, dosp\u011bl\u00e9 i jejich doprovod \u2013 to v\u0161e zaznamenalo v uplynul\u00fdch letech neuv\u011b\u0159iteln\u00fd v\u00fdvoj. Stejn\u011b tak samotn\u00e1 horsk\u00e1 kola, kter\u00e1 se stala nejobl\u00edben\u011bj\u0161\u00ed cyklistickou discipl\u00ednou u n\u00e1s. Cyklistika se dokonce vy\u0161vihla na pozici v\u016fbec nejobl\u00edben\u011bj\u0161\u00edho volno\u010dasov\u00e9ho sportu \u010cech\u016f! Tak\u00e9 v leto\u0161n\u00edm roce je p\u0159ipraven\u00e1 \u0159ada novinek a spole\u010dn\u011b s milovn\u00edky cyklistiky bude z\u00e1vod v\u00edce zam\u011b\u0159en na ochranu na\u0161\u00ed p\u0159\u00edrody a z\u00e1vod\u011bn\u00ed v duchu fair play.\u00a0Seri\u00e1lu v jeho za\u010d\u00e1tc\u00edch nejv\u00edce pomohla \u010cesk\u00e1 spo\u0159itelna. Gener\u00e1ln\u00ed partner projektu Kolo pro \u017eivot dr\u017e\u00ed nad z\u00e1vody ochrannou ruku nep\u0159etr\u017eit\u011b ji\u017e 18 let. Za to pat\u0159\u00ed \u010cesk\u00e9 spo\u0159iteln\u011b obrovsk\u00fd d\u00edk! Pod\u011bkov\u00e1n\u00ed si ov\u0161em zaslou\u017e\u00ed i v\u0161ichni ostatn\u00ed v\u011brn\u00ed partne\u0159i (v \u010dele s poji\u0161\u0165ovnou Kooperativa a spole\u010dnost\u00ed \u0160KODA AUTO), instituce a dodavatel\u00e9, kte\u0159\u00ed tomuto seri\u00e1lu fand\u00ed. Nejv\u011bt\u0161\u00ed ocen\u011bn\u00ed v\u0161ak pat\u0159\u00ed v\u0161em, kte\u0159\u00ed na tyto akce jezd\u00ed a koho v\u00edkendy, str\u00e1ven\u00e9 aktivn\u011b na kole, bav\u00ed. Proto vyu\u017eijte t\u00e9to zaj\u00edmav\u00e9 a atraktivn\u00ed p\u0159\u00edle\u017eitosti i v leto\u0161n\u00edm jubilejn\u00edm roce. \u00a0Je pro v\u00e1s p\u0159ipraven bohat\u00fd doprovodn\u00fd program. Nudit se nebudou d\u011bti ani dosp\u011bl\u00ed.\u00a0                                                                                                                                                                                                                                                                                                                                                                                        4.3\/5 - (6 votes)        "},{"@context":"https:\/\/schema.org\/","@type":"BreadcrumbList","itemListElement":[{"@type":"ListItem","position":1,"name":"KOLO pro \u017eivot","item":"https:\/\/www.eccr.cz\/kolo-pro-zivot\/#breadcrumbitem"}]}]