[{"@context":"https:\/\/schema.org\/","@type":"Article","@id":"https:\/\/www.eccr.cz\/historie-a-vyuziti-krajky-a-madeiry\/#Article","mainEntityOfPage":"https:\/\/www.eccr.cz\/historie-a-vyuziti-krajky-a-madeiry\/","headline":"Historie a vyu\u017eit\u00ed krajky a madeiry","name":"Historie a vyu\u017eit\u00ed krajky a madeiry","description":"Krajka ji\u017e v minulosti byla vyu\u017e\u00edv\u00e1na. \u00dadajn\u011b, byla krajka p\u016fvodem It\u00e1lie. Z It\u00e1lie se od 16. stolet\u00ed, za\u010dala roz\u0161i\u0159ovat jej\u00ed v\u00fdroba do dal\u0161\u00edch region\u016f. http:\/\/www.vsrr.info\/cs\/uchazeci\/ing-management-rovzoje-mest-a-regionu V 17. a 18. stolet\u00ed, se v\u00fdroba krajek roz\u0161\u00ed\u0159ila zejm\u00e9na do FRANCIE, FLANDER A \u0160PAN\u011aLSKA. \u00b0 Prvn\u00ed pali\u010dkovac\u00ed stroj byl patentov\u00e1n v Anglii roku 1809. \u00b0 Zn\u00e1m\u00e9 krajk\u00e1\u0159stv\u00ed v \u010cech\u00e1ch ... <a title=\"Historie a vyu\u017eit\u00ed krajky a madeiry\" class=\"read-more\" href=\"https:\/\/www.eccr.cz\/historie-a-vyuziti-krajky-a-madeiry\/\">Read more<span class=\"screen-reader-text\">Historie a vyu\u017eit\u00ed krajky a madeiry<\/span><\/a>","datePublished":"2021-10-30","dateModified":"2023-05-07","author":{"@type":"Person","@id":"https:\/\/www.eccr.cz\/author\/#Person","name":"","url":"https:\/\/www.eccr.cz\/author\/","identifier":1,"image":{"@type":"ImageObject","@id":"https:\/\/secure.gravatar.com\/avatar\/d693d76da4b3c2905ed32515295d3c5b2b37600a891f276917d3d592948bcc60?s=96&d=mm&r=g","url":"https:\/\/secure.gravatar.com\/avatar\/d693d76da4b3c2905ed32515295d3c5b2b37600a891f276917d3d592948bcc60?s=96&d=mm&r=g","height":96,"width":96}},"publisher":{"@type":"Organization","name":"eccr.cz","logo":{"@type":"ImageObject","@id":"\/logo.png","url":"\/logo.png","width":600,"height":60}},"image":{"@type":"ImageObject","@id":"https:\/\/www.eccr.cz\/wp-content\/uploads\/wedding-4836095_960_720.jpg","url":"https:\/\/www.eccr.cz\/wp-content\/uploads\/wedding-4836095_960_720.jpg","height":0,"width":0},"url":"https:\/\/www.eccr.cz\/historie-a-vyuziti-krajky-a-madeiry\/","about":["V\u00fdrobky"],"wordCount":807,"articleBody":"       Krajka ji\u017e v minulosti byla vyu\u017e\u00edv\u00e1na. \u00dadajn\u011b, byla krajka p\u016fvodem It\u00e1lie. Z It\u00e1lie se od 16. stolet\u00ed, za\u010dala roz\u0161i\u0159ovat jej\u00ed v\u00fdroba do dal\u0161\u00edch region\u016f. http:\/\/www.vsrr.info\/cs\/uchazeci\/ing-management-rovzoje-mest-a-regionu  V 17. a 18. stolet\u00ed, se v\u00fdroba krajek roz\u0161\u00ed\u0159ila zejm\u00e9na do FRANCIE, FLANDER A \u0160PAN\u011aLSKA.\u00b0 Prvn\u00ed pali\u010dkovac\u00ed stroj byl patentov\u00e1n v Anglii roku 1809.\u00b0 Zn\u00e1m\u00e9 krajk\u00e1\u0159stv\u00ed v \u010cech\u00e1ch bylo v 16, stolet\u00ed v Kru\u0161n\u00fdch hor\u00e1ch a na \u0160umav\u011b.\u00b0 Od poloviny 17. stolet\u00ed se krajk\u00e1\u0159stv\u00ed roz\u0161\u00ed\u0159ilo V Orlick\u00fdch hor\u00e1ch, kde se zapo\u010dala v\u00fdroba varianty bruselsk\u00e9 krajky.\u00b0 V \u010cesk\u00fdch zem\u00edch se roku 1860, se p\u0159ev\u00e1\u017en\u011b zab\u00fdvalo dom\u00e1c\u00ed v\u00fdrobou krajek.\u00b0 Odbyt krajkov\u00e9ho zbo\u017e\u00ed v\u00fdrazn\u011b poklesl od konce 19. stolet\u00ed. Tradice krajk\u00e1\u0159stv\u00ed, se udr\u017euje v\u011bt\u0161inou v amat\u00e9rsk\u00e9 v\u00fdrob\u011b nebo jako um\u011bleck\u00e9 \u0159emeslo.\u00b0 Ve 20. stolet\u00ed je zaznamen\u00e1no v modern\u00edm krajk\u00e1\u0159stv\u00ed \u0159ada \u00fasp\u011bch\u016f na mezin\u00e1rodn\u00edch v\u00fdstav\u00e1ch a sout\u011b\u017e\u00edch.Zda jste milovnice krajky a madeiry, pak tedy pat\u0159i\u010dn\u011b ocen\u00edte jej\u00ed kvalitu a dan\u00fd vzhled. Vyb\u00edr\u00e1te z mnoha variant, jak charakteristiky dan\u00e9 krajky, slo\u017een\u00ed dan\u00e9 krajky, barevn\u00e9ho v\u00fdb\u011bru. Co jako nejd\u016fle\u017eit\u011bj\u0161\u00ed vn\u00edm\u00e1te, k \u010demu je dan\u00e1 krajka pot\u0159ebn\u00e1. Ka\u017ed\u00e1 krajka a madeira m\u00e1 svoje specifika, podle kter\u00fdch ur\u010dujeme, na jak\u00fd od\u011bv nebo dekoraci je dan\u00e1 krajka vhodn\u00e1 a u\u017eite\u010dn\u00e1.BAVLN\u011aN\u00c9 A LN\u011aN\u00c9 KRAJKY PALI\u010cKOVAN\u00c9\u00b0 Bavln\u011bn\u00e9 krajky pali\u010dkovan\u00e9, pat\u0159\u00ed mezi vzdu\u0161n\u00e9 a vysoce kvalitn\u00ed krajky, kter\u00e9 jsou vyrobeny ze 100% bavlny. Krajka je zakon\u010dena jemn\u00fdmi vlnkami. Krajku m\u016f\u017eeme vyu\u017e\u00edt jako lem ubrus\u016f, b\u011bhoun\u016f, vhodn\u00e1 pro ozdoben\u00ed pol\u0161t\u00e1\u0159\u016f. Vhodn\u00e9 krajkou zdoben\u00e9, jsou i halenky, sukn\u011b, \u0161aty.\u00b0 Ln\u011bn\u00e9 krajky pali\u010dkovan\u00e9, jsou vhodn\u00e9 pro olemov\u00e1n\u00ed ubrus\u016f, de\u010dek, d\u011btsk\u00fdch p\u0159ehoz\u016f, zdoben\u00ed l\u00edmc\u016f, pol\u0161t\u00e1\u0159\u016f a od\u011bv\u016f. Je mo\u017eno vyu\u017e\u00edt na dekoraci krabi\u010dky, svatebn\u00ed ozn\u00e1men\u00ed nebo na p\u0159\u00e1n\u00ed k narozenin\u00e1m. Pou\u017e\u00edv\u00e1 se i jako elegantn\u00ed ozdoba d\u00e1msk\u00fdch \u0161at\u016f. Tato krajka je vyrobena ze 100% lnu ve smetanov\u00e9 a p\u0159\u00edrodn\u00ed ln\u011bn\u00e9 barv\u011b. Ln\u011bn\u00e1 krajka pali\u010dkovan\u00e1, pat\u0159\u00ed mezi vysoce kvalitn\u00ed pali\u010dkovan\u00e9 krajky. Nutno podotknout, \u017ee je velmi vzdu\u0161n\u00e1.Bavln\u011bn\u00e9 a ln\u011bn\u00e9 krajky pali\u010dkovan\u00e9, jsou vyr\u00e1b\u011bny strojov\u011b. M\u016f\u017eete vyb\u00edrat z r\u016fzn\u00e9ho barevn\u00e9ho proveden\u00ed, z b\u011b\u017en\u00fdch kv\u011btinov\u00fdch vzor\u016f, slo\u017eit\u011bj\u0161\u00edch obr\u00e1zk\u016f, s c\u00edrkevn\u00edm symboly.ELASTICK\u00c9 KRAJKYElastickou krajku zdob\u00ed kv\u011btinov\u00fd motiv. Pou\u017e\u00edv\u00e1 se ke zdoben\u00ed d\u00e1msk\u00fdch spole\u010densk\u00fdch \u0161at\u016f, sukn\u00ed, kost\u00fdmk\u016f a halenek. Pou\u017e\u00edvan\u00e1 je i u spodn\u00edho pr\u00e1dla. Slo\u017een\u00ed elastick\u00e9 krajky je polyamid a elastan.SILONOV\u00c9 A FRANCOUZSK\u00c9 KRAJKYSilonov\u00e1 krajka, pevn\u00e9ho materi\u00e1lu, kter\u00e1 je na spodn\u00ed stran\u011b zakon\u010dena oblou\u010dky. Na v\u00fdb\u011br ve v\u00edce barevn\u00e9m proveden\u00ed. Silonov\u00e1 krajka je slo\u017een\u00e1 ze 100% Polyamidu. Pou\u017e\u00edv\u00e1 se p\u0159i olemov\u00e1n\u00ed spodn\u00edho pr\u00e1dla, \u0161at\u016f, halenek a jin\u00fdch. D\u00e1le je vhodn\u00e1 pro v\u00fdrobu lapa\u010d\u016f sn\u016f a and\u00edlk\u016f.Francouzsk\u00e1 krajka, je elegantn\u00edho a romantick\u00e9ho vzhledu. Vyrobena z pevn\u00e9ho materi\u00e1lu, slo\u017een\u00edm 100% Polyamidu. Francouzsk\u00e1 krajka je vhodn\u00e1 pro ozdoben\u00ed svatebn\u00edch a spole\u010densk\u00fdch \u0161at\u016f, spodn\u00edho pr\u00e1dla, halenek, sukn\u00ed. Je vhodnou variantou, pro ozdobn\u00e9 lemov\u00e1n\u00ed.VY\u0160\u00cdVAN\u00c9 PR\u00ddMKYVy\u0161\u00edvan\u00e1 krajka, kter\u00e1 okouzl\u00ed sv\u00fdm precizn\u00edm zpracov\u00e1n\u00edm. Krajka m\u00e1 p\u016fsobiv\u00fd vzhled, kterou dopl\u0148uj\u00ed ornamenty. Slo\u017een\u00ed vy\u0161\u00edvan\u00e9 krajky je 100% Polyester. V\u00fdrazn\u011b vynikne na dekora\u010dn\u00edch pol\u0161t\u00e1\u0159\u00edch nebo ubrusech. Vy\u0161\u00edvanou krajku vyu\u017eijete pro zdoben\u00ed halenek, \u0161at\u016f.VZDU\u0160N\u00c9 A VY\u0160\u00cdVAN\u00c9 KRAJKYVzdu\u0161n\u00e1, vy\u0161\u00edvan\u00e1 krajka, kter\u00e1 p\u0159ipom\u00edn\u00e1 list. Vyu\u017e\u00edv\u00e1 se o ozdoben\u00ed spole\u010densk\u00fdch \u0161at\u016f, bolerek, halenek, sukn\u00ed.Slo\u017een\u00ed: Polyester, magnetick\u00fd kov, plast. Ka\u017ed\u00fd druh vzdu\u0161n\u00e9 a vy\u0161\u00edvan\u00e9 krajky, m\u016f\u017ee obsahovat jin\u00e9 slo\u017een\u00ed.MADEIRY BAVLN\u011aN\u00c9Bavln\u011bn\u00e1 Madeira je slo\u017een\u00ed 100% bavlny. Jej\u00ed okraj zdob\u00ed lemovanou d\u00edrkovanou v\u00fd\u0161ivku s d\u00edrkami. Vhodn\u00e9 vyu\u017eit\u00ed na zdoben\u00ed pol\u0161t\u00e1\u0159\u016f, ubrus\u016f. M\u016f\u017eete ji na\u0161\u00edt i na halenku, sukn\u011b nebo lidov\u00e9 kroje.POLYESTEROV\u00c9 MADEIRYNej\u010dast\u011bji se pou\u017e\u00edv\u00e1 k ozdoben\u00ed d\u011btsk\u00fdch zavinova\u010dek. Dostupn\u00e1 je v mnoha barevn\u00fdch variant\u00e1ch. Vhodn\u00e1 k ozdoben\u00ed povle\u010den\u00ed, pol\u0161t\u00e1\u0159\u016f, de\u010dek a jin\u00fdch.Zda jste d\u00e1my tvo\u0159iv\u00e9, pak jist\u011b nab\u00edzen\u00e9 krajky r\u00e1dy zakoup\u00edte a n\u00e1sledn\u011b s nimi ozdob\u00edte nejen od\u011bv, ale i bytov\u00e9 dopl\u0148ky.                                                                                                                                                                                                                                                                                                                                                                                           4.8\/5 - (11 votes)        "},{"@context":"https:\/\/schema.org\/","@type":"BreadcrumbList","itemListElement":[{"@type":"ListItem","position":1,"name":"Historie a vyu\u017eit\u00ed krajky a madeiry","item":"https:\/\/www.eccr.cz\/historie-a-vyuziti-krajky-a-madeiry\/#breadcrumbitem"}]}]