[{"@context":"https:\/\/schema.org\/","@type":"Article","@id":"https:\/\/www.eccr.cz\/bajecne-cestovani\/#Article","mainEntityOfPage":"https:\/\/www.eccr.cz\/bajecne-cestovani\/","headline":"B\u00e1je\u010dn\u00e9 cestov\u00e1n\u00ed","name":"B\u00e1je\u010dn\u00e9 cestov\u00e1n\u00ed","description":"Cestov\u00e1n\u00ed pro m\u011b v\u017edy velk\u00fd\u00a0relax. Cestov\u00e1n\u00ed jsem m\u011bla r\u00e1da u\u017e odmali\u010dka. Taky si pamatuji, jak jsme se sedmou t\u0159\u00eddou jeli poprv\u00e9 na ly\u017ea\u0159sk\u00fd v\u00fdcvik. Nev\u00edm jak vy, ale j\u00e1 jsem to brala jako u\u017e velk\u00e9 a z\u00e1\u017eivn\u00e9 cestov\u00e1n\u00ed, proto\u017ee s m\u00fdmi rodi\u010di jsme moc necestovali.\u00a0 Byli jsme byli asi jen \u010dty\u0159ikr\u00e1t u mo\u0159e, ale to ... <a title=\"B\u00e1je\u010dn\u00e9 cestov\u00e1n\u00ed\" class=\"read-more\" href=\"https:\/\/www.eccr.cz\/bajecne-cestovani\/\">Read more<span class=\"screen-reader-text\">B\u00e1je\u010dn\u00e9 cestov\u00e1n\u00ed<\/span><\/a>","datePublished":"2022-04-22","dateModified":"2023-05-07","author":{"@type":"Person","@id":"https:\/\/www.eccr.cz\/author\/#Person","name":"","url":"https:\/\/www.eccr.cz\/author\/","identifier":1,"image":{"@type":"ImageObject","@id":"https:\/\/secure.gravatar.com\/avatar\/d693d76da4b3c2905ed32515295d3c5b2b37600a891f276917d3d592948bcc60?s=96&d=mm&r=g","url":"https:\/\/secure.gravatar.com\/avatar\/d693d76da4b3c2905ed32515295d3c5b2b37600a891f276917d3d592948bcc60?s=96&d=mm&r=g","height":96,"width":96}},"publisher":{"@type":"Organization","name":"eccr.cz","logo":{"@type":"ImageObject","@id":"\/logo.png","url":"\/logo.png","width":600,"height":60}},"image":{"@type":"ImageObject","@id":"https:\/\/www.eccr.cz\/wp-content\/uploads\/summer-842140_640(1)_1.jpg","url":"https:\/\/www.eccr.cz\/wp-content\/uploads\/summer-842140_640(1)_1.jpg","height":0,"width":0},"url":"https:\/\/www.eccr.cz\/bajecne-cestovani\/","about":["Cestov\u00e1n\u00ed"],"wordCount":435,"articleBody":"Cestov\u00e1n\u00ed pro m\u011b v\u017edy velk\u00fd\u00a0relax. Cestov\u00e1n\u00ed jsem m\u011bla r\u00e1da u\u017e odmali\u010dka. Taky si pamatuji, jak jsme se sedmou t\u0159\u00eddou jeli poprv\u00e9 na ly\u017ea\u0159sk\u00fd v\u00fdcvik. Nev\u00edm jak vy, ale j\u00e1 jsem to brala jako u\u017e velk\u00e9 a z\u00e1\u017eivn\u00e9 cestov\u00e1n\u00ed, proto\u017ee s m\u00fdmi rodi\u010di jsme moc necestovali.\u00a0 Byli jsme byli asi jen \u010dty\u0159ikr\u00e1t u mo\u0159e, ale to jenom tak, \u017ee tam maminka m\u011bla kamar\u00e1dy. Maminka toti\u017e v ml\u00e1d\u00ed jezdila velmi \u010dasto do zahrani\u010d\u00ed a k mo\u0159i. Proto se tam taky ud\u011blala skv\u011bl\u00e9 kamar\u00e1dy, se kter\u00fdmi s p\u0159\u00e1tel\u00ed i nyn\u00ed. A mysl\u00edm si, \u017ee kdyby maminka v zahrani\u010d\u00ed nem\u011bla \u017e\u00e1dn\u00e9 kamar\u00e1dy a p\u0159\u00e1tel\u00e9, tak tam ani asi nejezd\u00edme.A taky mus\u00edm \u0159\u00edct, \u017ee pr\u00e1v\u011b o tom to cestov\u00e1n\u00ed je. Moje maminka s tat\u00ednkem velmi \u010dasto h\u00e1daj\u00ed kv\u016fli cestov\u00e1n\u00ed a taky dovolen\u00e9. Proto\u017ee tat\u00ednek by cestoval st\u00e1le. Zat\u00edmco maminka ta v\u016fbec. Maminku pr\u00fd cestov\u00e1n\u00ed v\u016fbec nebav\u00ed. Maminka cestuje hlavn\u011b za sv\u00fdmi kamar\u00e1dy do zahrani\u010d\u00ed, aby s nimi udr\u017eela st\u00e1l\u00e9 p\u0159\u00e1telsk\u00e9 kontakty. M\u016fj otec je ale jin\u00e9ho n\u00e1zoru. M\u016fj tat\u00ednek by pr\u00e1v\u011b moc r\u00e1d cestoval, aby si odpo\u010dinul a\u00a0zrelaxoval\u00a0si t\u011blo a mysl. A j\u00e1 abych byla up\u0159\u00edmn\u00e1, tak j\u00e1 souhlas\u00edm se sv\u00fdm otcem. J\u00e1 jsem toti\u017e asi tohle zd\u011bdila po m\u00e9m otci. J\u00e1 taky moc r\u00e1da cestuji a \u0159\u00edk\u00e1m si, \u017ee a\u017e budu star\u0161\u00ed a budu m\u00edt v\u00edce pen\u011bz, tak samoz\u0159ejm\u011b budu i v\u00edce cestovat.\u00a0J\u00e1\u00a0cestov\u00e1n\u00ed beru jako sv\u016fj \u017eivotn\u00ed \u00fad\u011bl. Nev\u00edm pro\u010d, ale v\u011b\u0159\u00edm, \u017ee ka\u017ed\u00fd m\u00e1 sv\u016fj \u00fad\u011bl a osud a j\u00e1 jsem si \u0159ekla, \u017ee budu velk\u00e1 cestovatelka. Uvid\u00edm, jak se v\u0161echno vyvine.\u00a0T\u0159eba\u00a0se\u00a0mi\u00a0spln\u00ed sen a budu cestovat. taky bych si p\u0159\u00e1la naj\u00edt sv\u00e9ho\u00a0partnera,\u00a0kter\u00fd\u00a0bude sd\u00edlet\u00a0stejnou\u00a0v\u00e1\u0161e\u0148\u00a0pro\u00a0cestov\u00e1n\u00ed jako j\u00e1. Nev\u00edm, co bych si po\u010dala, kdybych m\u011bla p\u0159\u00edtele, kter\u00fd by opravdu nerad\u00a0cestoval. nev\u00edm,\u00a0ale\u00a0asi\u00a0bych\u00a0to tak\u00a0nezvl\u00e1dala. Ve vztahu s mus\u00ed oba\u00a0partne\u0159i\u00a0dob\u0159e rozum\u011bt. A\u00a0to\u00a0se\u00a0t\u00fd\u010de i z\u00e1lib nebo nap\u0159\u00edklad i zm\u00edn\u011bn\u00e9ho\u00a0cestov\u00e1n\u00ed. nebo vy si mysl\u00edte n\u011bco jin\u00e9ho?                                                                                                                                                                                                                                                                                                                                                                                        4.5\/5 - (4 votes)        "},{"@context":"https:\/\/schema.org\/","@type":"BreadcrumbList","itemListElement":[{"@type":"ListItem","position":1,"name":"B\u00e1je\u010dn\u00e9 cestov\u00e1n\u00ed","item":"https:\/\/www.eccr.cz\/bajecne-cestovani\/#breadcrumbitem"}]}]